{"id":5,"name":"Mauricio Lissovsky","url":"http:\/\/buscatextual.cnpq.br\/buscatextual\/visualizacv.do?metodo=apresentar&amp;id=K4795894E5","description":"Historiador, roteirista, pesquisador, doutor em Comunica\u00e7\u00e3o pela Universidade Federal do Rio de Janeiro (UFRJ), professor e coordenador do Programa de P\u00f3s-Gradua\u00e7\u00e3o em Comunica\u00e7\u00e3o da ECO-UFRJ.","link":"https:\/\/www.iconica.com.br\/site\/author\/mlissovsky\/","slug":"mlissovsky","meta":[],"mpp_avatar":{"24":"https:\/\/www.iconica.com.br\/site\/wp-content\/uploads\/2013\/12\/mauricio_avatar.jpg","48":"https:\/\/www.iconica.com.br\/site\/wp-content\/uploads\/2013\/12\/mauricio_avatar.jpg","96":"https:\/\/www.iconica.com.br\/site\/wp-content\/uploads\/2013\/12\/mauricio_avatar.jpg","150":"https:\/\/www.iconica.com.br\/site\/wp-content\/uploads\/2013\/12\/mauricio_avatar.jpg","300":"https:\/\/www.iconica.com.br\/site\/wp-content\/uploads\/2013\/12\/mauricio_avatar.jpg","full":"https:\/\/www.iconica.com.br\/site\/wp-content\/uploads\/2013\/12\/mauricio_avatar.jpg"},"_links":{"self":[{"href":"https:\/\/www.iconica.com.br\/site\/wp-json\/wp\/v2\/users\/5"}],"collection":[{"href":"https:\/\/www.iconica.com.br\/site\/wp-json\/wp\/v2\/users"}]}}