{"id":874,"date":"2010-07-12T10:19:53","date_gmt":"2010-07-12T10:19:53","guid":{"rendered":"http:\/\/www.iconica.com.br\/?p=874"},"modified":"2016-05-28T13:51:06","modified_gmt":"2016-05-28T13:51:06","slug":"gabinete-de-curiosidades","status":"publish","type":"post","link":"https:\/\/www.iconica.com.br\/site\/gabinete-de-curiosidades\/","title":{"rendered":"Gabinete de Curiosidades"},"content":{"rendered":"<div id=\"attachment_875\" style=\"width: 290px\" class=\"wp-caption alignleft\"><a href=\"http:\/\/192.249.123.35\/~iconic16\/site\/wp-content\/uploads\/2010\/07\/wolfenson11.jpg\"><img aria-describedby=\"caption-attachment-875\" decoding=\"async\" loading=\"lazy\" class=\"size-medium wp-image-875 \" src=\"http:\/\/192.249.123.35\/~iconic16\/site\/wp-content\/uploads\/2010\/07\/wolfenson1-280x206.jpg\" alt=\"Bob Wolfenson, Apreens\u00f5es.\" width=\"280\" height=\"206\" \/><\/a><p id=\"caption-attachment-875\" class=\"wp-caption-text\">Bob Wolfenson, Apreens\u00f5es.<\/p><\/div>\n<p>A exposi\u00e7\u00e3o <strong><em>Apreens\u00f5es<\/em><\/strong>, de Bob Wolfenson, no Centro Universit\u00e1rio Maria Antonia, me surpreendeu. Por in\u00fameras raz\u00f5es, que tentarei colocar em discuss\u00e3o, mas principalmente pela for\u00e7a das imagens que me tocaram t\u00e3o profundamente. Como sabemos, Bob Wolfenson tem ineg\u00e1vel reconhecimento na produ\u00e7\u00e3o fotogr\u00e1fica associada \u00e0 Moda, ao Retrato e ao Comportamento, com qualidade e originalidade incomuns. Mas, desde sua primeira exposi\u00e7\u00e3o <em>Minhas Amigas do Peito<\/em>, realizada na Galeria Fot\u00f3ptica, em 1989, demonstra uma disposi\u00e7\u00e3o criativa para ampliar sua esfera de atua\u00e7\u00e3o.<\/p>\n<p>Para isso, basta lembrar suas \u00faltimas exposi\u00e7\u00f5es \u2013 <em>A Caminho do Mar<\/em>, na Galeria Milan, 2007, e <em>Cinepolis<\/em>, no MAM-BA, 2008 \u2013 para perceber que seu trabalho com a imagem extrapola os limites da fotografia aplicada e ocupa significativamente outros espa\u00e7os, como os destacados acima. Agora, com <strong><em>Apreens\u00f5es<\/em><\/strong>, prop\u00f5e-se a refletir sobre as imagens midi\u00e1ticas e como estas s\u00e3o ineficientes tanto do ponto de vista da informa\u00e7\u00e3o, quanto do impacto que poderiam provocar em sua recep\u00e7\u00e3o.<\/p>\n<p>Como a exposi\u00e7\u00e3o me provocou certo desconforto, procurei entender melhor o trabalho a partir do seu t\u00edtulo. A palavra \u2018apreender\u2019 se insinua como signo potencialmente mais amplo e, claro, tem conex\u00e3o com o universo da fotografia que \u2018apreende\u2019 o mundo vis\u00edvel ao registrar ou documentar um fragmento qualquer no tempo. No Dicion\u00e1rio Aur\u00e9lio, apreender significa \u201capropriar-se judicialmente de alguma coisa\u201d. J\u00e1 apreens\u00e3o, \u00e9 \u201cato ou efeito de apreender\u201d. Em contrapartida, para a Filosofia, \u00e9 o \u201cconhecimento imediato (por meio de percep\u00e7\u00e3o, julgamento, mem\u00f3ria ou imagina\u00e7\u00e3o) de um objeto relativamente simples, e que resulta na pura presen\u00e7a desse objeto \u00e0 consci\u00eancia\u201d. Ou ainda, \u201cconhecimento imediato de um objeto relativamente simples, em oposi\u00e7\u00e3o a processos mais elaborados, como, por exemplo, a compreens\u00e3o, o julgamento, o racioc\u00ednio\u201d.<\/p>\n<div id=\"attachment_879\" style=\"width: 497px\" class=\"wp-caption alignleft\"><a href=\"http:\/\/192.249.123.35\/~iconic16\/site\/wp-content\/uploads\/2010\/07\/wolfenson31.jpg\"><img aria-describedby=\"caption-attachment-879\" decoding=\"async\" loading=\"lazy\" class=\"size-large wp-image-879\" src=\"http:\/\/192.249.123.35\/~iconic16\/site\/wp-content\/uploads\/2010\/07\/wolfenson3-487x188.jpg\" alt=\"Bob Wolfenson, Apreens\u00f5es.\" width=\"487\" height=\"188\" \/><\/a><p id=\"caption-attachment-879\" class=\"wp-caption-text\">Bob Wolfenson, Apreens\u00f5es.<\/p><\/div>\n<p>Bob Wolfenson opera uma esp\u00e9cie de metalinguagem a fim de provocar o espanto. Enquanto as imagens midi\u00e1ticas s\u00e3o ef\u00eameras no notici\u00e1rio pol\u00edtico-policial, as fotografias apresentadas no Centro Universit\u00e1rio Maria Antonia pulsam na mem\u00f3ria do visitante. A sala da exibi\u00e7\u00e3o, de formato retangular, foi tomada por fotografias de grandes e diferentes formatos e de um realismo perturbador. S\u00e3o registros captados digitalmente das apreens\u00f5es policiais que, organizadas aleatoriamente nos locais de destino, simulam <em>assemblages<\/em> cujas texturas e arranjos denotam nossa impot\u00eancia diante do crime organizado e nossa incapacidade de rea\u00e7\u00e3o.<\/p>\n<p>Assim como nos ensaios anteriores, em que o drama de Cubat\u00e3o e da Metr\u00f3pole era, paradoxalmente, questionado por imagens assustadoras e belas, mais uma vez, Bob Wolfenson d\u00e1 mostras de sua indigna\u00e7\u00e3o diante do intoler\u00e1vel. Chama nossa aten\u00e7\u00e3o para assuntos cotidianos e aparentemente insol\u00faveis, ao criar uma fotografia tecnicamente bem resolvida, dissociada de seus suportes convencionais e ef\u00eameros, e potencializada como a imagem do <em>still life<\/em> contempor\u00e2neo. No limite, a apreens\u00e3o fotogr\u00e1fica de uma realidade que nos cerca pode nos cegar quando massificada pela m\u00eddia, mas \u00e9 sempre uma possibilidade de conscientiza\u00e7\u00e3o quando resignificada pelo artista.<\/p>\n<div>\n<dl>\n<dt>\n<div id=\"attachment_876\" style=\"width: 290px\" class=\"wp-caption alignleft\"><a href=\"http:\/\/192.249.123.35\/~iconic16\/site\/wp-content\/uploads\/2010\/07\/wolfenson21.jpg\"><img aria-describedby=\"caption-attachment-876\" decoding=\"async\" loading=\"lazy\" class=\"size-medium wp-image-876\" src=\"http:\/\/192.249.123.35\/~iconic16\/site\/wp-content\/uploads\/2010\/07\/wolfenson2-280x208.jpg\" alt=\"Bob Wolfenson, Apreens\u00f5es\" width=\"280\" height=\"208\" \/><\/a><p id=\"caption-attachment-876\" class=\"wp-caption-text\">Bob Wolfenson, Apreens\u00f5es<\/p><\/div>\n<p>Nossa inten\u00e7\u00e3o n\u00e3o \u00e9 elucidar o processo art\u00edstico ou as pr\u00f3prias obras (estas s\u00e3o suficientemente fortes e especulativas), muito menos edificar um sistema de leituras ou de decifra\u00e7\u00e3o. Mas n\u00e3o podemos deixar de destacar a a\u00e7\u00e3o t\u00e9cnica e o pensamento do artista que norteou este trabalho. Bob Wolfenson nos lembra: \u201co aparato t\u00e9cnico empregado para capturar aquilo que vemos diariamente na m\u00eddia foi novo para mim. Cheguei a ele na busca de um procedimento que substitu\u00edsse os sistemas anal\u00f3gicos tradicionais possibilitando mais agilidade no set fotogr\u00e1fico e tamb\u00e9m na p\u00f3s-produ\u00e7\u00e3o. Foi utilizado o sistema de varredura digital, ou seja, um fracionamento da cena no momento da tomada fotogr\u00e1fica para que a imagem final alcance uma defini\u00e7\u00e3o alta, salvo nas fotos de animais, pelo fato de se moverem e impossibilitarem o uso dessa t\u00e9cnica\u201d.<\/p>\n<\/dt>\n<\/dl>\n<\/div>\n<p>Com essa nova s\u00e9rie denominada de <strong><em>Apreens\u00f5es<\/em><\/strong>, Bob Wolfenson se mostra mais contundente em seus temas. Um invent\u00e1rio de objetos, materiais e animais silvestres que permite ao artista especular sobre a quest\u00e3o e, ao mesmo tempo, tentar compreender o ins\u00f3lito mundo do qual somos parte e pouco questionamos. Uma das experi\u00eancias mais radicais realizada por Bob Wolfenson que mostra maturidade art\u00edstica diante desta trag\u00e9dia anunciada e insol\u00favel.<\/p>\n<p><strong>Centro Universit\u00e1rio Maria Antonia<\/strong>, Rua Maria Antonia, 294, Vila Buarque, Tel. 3255-7182; exposi\u00e7\u00e3o <strong>Apreens\u00f5es &#8211;<\/strong> de 17 de junho a 10 de outubro.<\/p>\n","protected":false},"excerpt":{"rendered":"<p>A exposi\u00e7\u00e3o Apreens\u00f5es, de Bob Wolfenson, no Centro Universit\u00e1rio Maria Antonia, me surpreendeu. Por in\u00fameras raz\u00f5es, que tentarei colocar em discuss\u00e3o, mas principalmente pela for\u00e7a das imagens que me tocaram t\u00e3o profundamente. Como sabemos, Bob Wolfenson tem ineg\u00e1vel reconhecimento na produ\u00e7\u00e3o fotogr\u00e1fica associada \u00e0 Moda, ao Retrato e ao Comportamento, com qualidade e originalidade incomuns. Mas, desde sua primeira exposi\u00e7\u00e3o Minhas Amigas do Peito, realizada na Galeria Fot\u00f3ptica, em 1989, demonstra uma disposi\u00e7\u00e3o criativa para ampliar sua esfera de atua\u00e7\u00e3o. Para isso, basta lembrar suas \u00faltimas exposi\u00e7\u00f5es \u2013 A Caminho do Mar, na Galeria Milan, 2007, e Cinepolis, no MAM-BA, [&hellip;]<\/p>\n","protected":false},"author":4,"featured_media":875,"comment_status":"open","ping_status":"open","sticky":false,"template":"","format":"standard","meta":[],"categories":[833,886],"tags":[],"_links":{"self":[{"href":"https:\/\/www.iconica.com.br\/site\/wp-json\/wp\/v2\/posts\/874"}],"collection":[{"href":"https:\/\/www.iconica.com.br\/site\/wp-json\/wp\/v2\/posts"}],"about":[{"href":"https:\/\/www.iconica.com.br\/site\/wp-json\/wp\/v2\/types\/post"}],"author":[{"embeddable":true,"href":"https:\/\/www.iconica.com.br\/site\/wp-json\/wp\/v2\/users\/4"}],"replies":[{"embeddable":true,"href":"https:\/\/www.iconica.com.br\/site\/wp-json\/wp\/v2\/comments?post=874"}],"version-history":[{"count":1,"href":"https:\/\/www.iconica.com.br\/site\/wp-json\/wp\/v2\/posts\/874\/revisions"}],"predecessor-version":[{"id":7158,"href":"https:\/\/www.iconica.com.br\/site\/wp-json\/wp\/v2\/posts\/874\/revisions\/7158"}],"wp:featuredmedia":[{"embeddable":true,"href":"https:\/\/www.iconica.com.br\/site\/wp-json\/wp\/v2\/media\/875"}],"wp:attachment":[{"href":"https:\/\/www.iconica.com.br\/site\/wp-json\/wp\/v2\/media?parent=874"}],"wp:term":[{"taxonomy":"category","embeddable":true,"href":"https:\/\/www.iconica.com.br\/site\/wp-json\/wp\/v2\/categories?post=874"},{"taxonomy":"post_tag","embeddable":true,"href":"https:\/\/www.iconica.com.br\/site\/wp-json\/wp\/v2\/tags?post=874"}],"curies":[{"name":"wp","href":"https:\/\/api.w.org\/{rel}","templated":true}]}}