{"id":7788,"date":"2014-02-05T17:55:35","date_gmt":"2014-02-05T17:55:35","guid":{"rendered":"http:\/\/192.249.123.35\/~iconic16\/site\/?p=7788"},"modified":"2023-03-02T20:51:25","modified_gmt":"2023-03-02T20:51:25","slug":"moderna-para-sempre-foto-clube-bandeirante","status":"publish","type":"post","link":"https:\/\/www.iconica.com.br\/site\/moderna-para-sempre-foto-clube-bandeirante\/","title":{"rendered":"Moderna para Sempre: Foto Clube Bandeirante"},"content":{"rendered":"<p>Depoimento concedido ao Ita\u00fa Cultural sobre o Foto Clube Bandeirante, em torno da exposi\u00e7\u00e3o\u00a0<em>Moderna para Sempre \u2013 Fotografia Modernista Brasileira na Cole\u00e7\u00e3o Ita\u00fa Cultural.<\/em><\/p>\n<p><iframe loading=\"lazy\" title=\"Moderna para Sempre (2014) -- Rubens Fernandes\" width=\"1150\" height=\"647\" src=\"https:\/\/www.youtube.com\/embed\/e0IwWkvM8Sw?feature=oembed\" frameborder=\"0\" allow=\"accelerometer; autoplay; clipboard-write; encrypted-media; gyroscope; picture-in-picture; web-share\" allowfullscreen><\/iframe><\/p>\n","protected":false},"excerpt":{"rendered":"<p>Depoimento concedido ao Ita\u00fa Cultural sobre o Foto Clube Bandeirante, em torno da exposi\u00e7\u00e3o\u00a0Moderna para Sempre \u2013 Fotografia Modernista Brasileira na Cole\u00e7\u00e3o Ita\u00fa Cultural.<\/p>\n","protected":false},"author":4,"featured_media":7899,"comment_status":"open","ping_status":"open","sticky":false,"template":"","format":"standard","meta":[],"categories":[824,838],"tags":[882,339],"_links":{"self":[{"href":"https:\/\/www.iconica.com.br\/site\/wp-json\/wp\/v2\/posts\/7788"}],"collection":[{"href":"https:\/\/www.iconica.com.br\/site\/wp-json\/wp\/v2\/posts"}],"about":[{"href":"https:\/\/www.iconica.com.br\/site\/wp-json\/wp\/v2\/types\/post"}],"author":[{"embeddable":true,"href":"https:\/\/www.iconica.com.br\/site\/wp-json\/wp\/v2\/users\/4"}],"replies":[{"embeddable":true,"href":"https:\/\/www.iconica.com.br\/site\/wp-json\/wp\/v2\/comments?post=7788"}],"version-history":[{"count":3,"href":"https:\/\/www.iconica.com.br\/site\/wp-json\/wp\/v2\/posts\/7788\/revisions"}],"predecessor-version":[{"id":7791,"href":"https:\/\/www.iconica.com.br\/site\/wp-json\/wp\/v2\/posts\/7788\/revisions\/7791"}],"wp:featuredmedia":[{"embeddable":true,"href":"https:\/\/www.iconica.com.br\/site\/wp-json\/wp\/v2\/media\/7899"}],"wp:attachment":[{"href":"https:\/\/www.iconica.com.br\/site\/wp-json\/wp\/v2\/media?parent=7788"}],"wp:term":[{"taxonomy":"category","embeddable":true,"href":"https:\/\/www.iconica.com.br\/site\/wp-json\/wp\/v2\/categories?post=7788"},{"taxonomy":"post_tag","embeddable":true,"href":"https:\/\/www.iconica.com.br\/site\/wp-json\/wp\/v2\/tags?post=7788"}],"curies":[{"name":"wp","href":"https:\/\/api.w.org\/{rel}","templated":true}]}}