{"id":1178,"date":"2010-10-17T19:01:17","date_gmt":"2010-10-17T19:01:17","guid":{"rendered":"http:\/\/www.iconica.com.br\/?p=1178"},"modified":"2017-03-01T12:25:00","modified_gmt":"2017-03-01T12:25:00","slug":"darwin-e-a-fotografia","status":"publish","type":"post","link":"https:\/\/www.iconica.com.br\/site\/darwin-e-a-fotografia\/","title":{"rendered":"Darwin e a fotografia"},"content":{"rendered":"<p>Neste fim de semana, assisti ao filme \u201cCreation\u201d (2009), recorte da biografia de Charles Darwin centrado nas dificuldades que enfrentou quando finalizava <em>A origem das esp\u00e9cies<\/em> (1859). Vemos ali um personagem debilitado por uma doen\u00e7a desconhecida, atormentado pela morte de uma filha, e em conflito com os valores crist\u00e3os de sua comunidade e de sua fam\u00edlia.<\/p>\n<p>Numa das primeiras cenas, sua filha Annie est\u00e1 num est\u00fadio se preparando para ser fotografada. Darwin lhe explica como funciona a t\u00e9cnica. Enquanto o fot\u00f3grafo tenta fotografar a menina, ela parece mais interessada nas aventuras que seu pai lhe conta.<\/p>\n<div id=\"attachment_2332\" style=\"width: 630px\" class=\"wp-caption alignnone\"><a href=\"http:\/\/www.iconica.com.br\/?attachment_id=2332\" rel=\"attachment wp-att-2332\"><img aria-describedby=\"caption-attachment-2332\" decoding=\"async\" loading=\"lazy\" class=\"size-large wp-image-2332\" src=\"http:\/\/192.249.123.35\/~iconic16\/site\/wp-content\/uploads\/2010\/10\/darwin1-620x261.jpg\" alt=\"\" width=\"620\" height=\"261\" \/><\/a><p id=\"caption-attachment-2332\" class=\"wp-caption-text\">Creation, 2009 (trecho do filme exclu\u00eddo por solicita\u00e7\u00e3o da produtora)<\/p><\/div>\n<p>Imagino que a fotografia apare\u00e7a ali como emblema das inova\u00e7\u00f5es t\u00e9cnicas que, ao lado da teoria de Darwin, impactaram o s\u00e9culo XIX (ainda que, para a pequena Annie, essa novidade esteja ofuscada pelas hist\u00f3rias fant\u00e1sticas que seu pai lhe conta).<\/p>\n<p>Especula\u00e7\u00f5es \u00e0 parte, a fotografia teve uma presen\u00e7a importante numa pesquisa posterior de Darwin, que resultou em <em>A express\u00e3o das emo\u00e7\u00f5es no homem e nos animais<\/em> (1872). Encontrei uma <a href=\"http:\/\/darwin-online.org.uk\/pdf\/1872_Expression_F1142.pdf\">vers\u00e3o digitalizada da primeira edi\u00e7\u00e3o desse livro<\/a>, e vi que ele traz um n\u00famero razo\u00e1vel de refer\u00eancias a trabalhos fotogr\u00e1ficos, sobretudo feitos por cientistas. Podemos ler j\u00e1 nos agradecimentos:<\/p>\n<div id=\"attachment_1184\" style=\"width: 189px\" class=\"wp-caption alignleft\"><a href=\"http:\/\/192.249.123.35\/~iconic16\/site\/wp-content\/uploads\/2010\/10\/1872_Expression_F1142_figplate11.jpg\"><img aria-describedby=\"caption-attachment-1184\" decoding=\"async\" loading=\"lazy\" class=\"size-medium wp-image-1184  \" src=\"http:\/\/192.249.123.35\/~iconic16\/site\/wp-content\/uploads\/2010\/10\/1872_Expression_F1142_figplate1-280x243.jpg\" alt=\"Darwin\" width=\"179\" height=\"155\" \/><\/a><p id=\"caption-attachment-1184\" class=\"wp-caption-text\">Fotos cedidas por Herr Kindermann para &quot;A express\u00e3o das emo\u00e7\u00f5es&quot;.<\/p><\/div>\n<p>\u201cEu tenho o prazer de expressar meus agradecimentos ao Sr. Rejlander pela disposi\u00e7\u00e3o de fotografar para mim v\u00e1rias express\u00f5es e gestos. Agrade\u00e7o tamb\u00e9m ao Sr. Kindermann, de Hamburgo, pela cess\u00e3o de alguns excelentes negativos de crian\u00e7as chorando, e ao Dr. Wallich, por um outro encantador, de uma menina sorridente.\u00a0J\u00e1 expressei meu agradecimentos ao Dr. Duchenne, que generosamente me permitiu ter algumas de suas grandes fotografias reproduzidas e reduzidas.\u00a0Todas estas fotografias foram impressas pelo processo da Heliotipia, que garante a precis\u00e3o das reprodu\u00e7\u00f5es.\u201d<\/p>\n<div id=\"attachment_1191\" style=\"width: 137px\" class=\"wp-caption alignleft\"><a href=\"http:\/\/192.249.123.35\/~iconic16\/site\/wp-content\/uploads\/2010\/10\/1872_Expression_F1142_figplate7-Rejlander11.jpg\"><img aria-describedby=\"caption-attachment-1191\" decoding=\"async\" loading=\"lazy\" class=\"size-full wp-image-1191  \" src=\"http:\/\/192.249.123.35\/~iconic16\/site\/wp-content\/uploads\/2010\/10\/1872_Expression_F1142_figplate7-Rejlander11.jpg\" alt=\"Imagem cedida por Duchenne de Bologne.\" width=\"127\" height=\"160\" \/><\/a><p id=\"caption-attachment-1191\" class=\"wp-caption-text\">Duchenne de Boulogne<\/p><\/div>\n<p>O livro traz longos coment\u00e1rios sobre a pesquisa de Duchenne de Boulogne, que hoje nos parece um tanto lun\u00e1tico e perverso, dando choques no rosto de pacientes da Salp\u00eatri\u00e8re, diante da camera de Adrien Tournachon, irm\u00e3o de Nadar. Mas Darwin mesmo explica a import\u00e2ncia desse trabalho na compreens\u00e3o do funcionamento dos m\u00fasculos faciais.<\/p>\n<div id=\"attachment_1238\" style=\"width: 269px\" class=\"wp-caption alignleft\"><a href=\"http:\/\/192.249.123.35\/~iconic16\/site\/wp-content\/uploads\/2010\/10\/image03711.jpg\"><img aria-describedby=\"caption-attachment-1238\" decoding=\"async\" loading=\"lazy\" class=\"size-full wp-image-1238  \" src=\"http:\/\/192.249.123.35\/~iconic16\/site\/wp-content\/uploads\/2010\/10\/image03711.jpg\" alt=\"Oscar G. Rejlander, Autorretrato.\" width=\"259\" height=\"270\" \/><\/a><p id=\"caption-attachment-1238\" class=\"wp-caption-text\">Oscar G. Rejlander, Autorretrato.<\/p><\/div>\n<p>Tamb\u00e9m foi uma supresa ver que nas referidas imagens de autoria de Oscar Gustave Rejlander, o pr\u00f3prio fot\u00f3grafo aparece encenando as \u201cemo\u00e7\u00f5es\u201d, provavelmente, pautado diretamente por Darwin.<\/p>\n<div id=\"attachment_1181\" style=\"width: 140px\" class=\"wp-caption alignleft\"><a href=\"http:\/\/192.249.123.35\/~iconic16\/site\/wp-content\/uploads\/2010\/10\/477px-Charles_Darwin_by_Julia_Margaret_Cameron_21.jpg\"><img aria-describedby=\"caption-attachment-1181\" decoding=\"async\" loading=\"lazy\" class=\"size-medium wp-image-1181  \" src=\"http:\/\/192.249.123.35\/~iconic16\/site\/wp-content\/uploads\/2010\/10\/477px-Charles_Darwin_by_Julia_Margaret_Cameron_2-280x351.jpg\" alt=\"Darwin, por Julia M. Cameron, 1868.\" width=\"130\" height=\"155\" \/><\/a><p id=\"caption-attachment-1181\" class=\"wp-caption-text\">Darwin, por Julia M. Cameron, 1868.<\/p><\/div>\n<p>Conhecemos o belo retrato de Darwin feito por Julia Margaret Cameron, e encontramos <a href=\"http:\/\/www.darwinproject.ac.uk\/advanced-search?as-corresp=&amp;as-person=dodgson&amp;as-place=&amp;ask-content=&amp;asv-content=as-body&amp;as-year-from=&amp;as-year-to=&amp;as-set=&amp;as-physdesc=&amp;as-volume=&amp;as-repository=&amp;as-calnum=&amp;as-n=&amp;intercept=adv&amp;asp-page=0&amp;as-type=letter&amp;asdes\">registros de duas cartas trocadas com Lewis Carroll<\/a>, em que agradece o envio de fotografias, provavelmente para a pesquisa sobre as \u201c<em>Express\u00f5es<\/em>\u201d. Darwin, como outros cientistas e intelectuais, certamente mantinha boas rela\u00e7\u00f5es com esses fot\u00f3grafos e artistas da Era Vitoriana.<\/p>\n<p>Para encerrar, uma curiosidade, mesmo que n\u00e3o explique muito sobre a rela\u00e7\u00e3o de Darwin com a fotografia: vi que a m\u00e3e de Darwin se chamava Susannah Wedgwood. N\u00e3o foi dif\u00edcil verificar que se trata da irm\u00e3 de Thomas Wedgwood, pioneiro nas pesquisas que antecedem a descoberta da fotografia no s\u00e9culo XIX, autor do artigo \u201cDescri\u00e7\u00e3o para de um m\u00e9todo para copiar pinturas sobre cristal e para criar perfis por meio da luz sobre nitrato de prata\u201d (1802).<\/p>\n<p>&#8212;<\/p>\n<p>Aproveitei o entusiasmo para comprar um livro que encontrei na Amazon: <a href=\"http:\/\/www.amazon.com\/Darwins-Camera-Photography-Theory-Evolution\/dp\/0195150317\/ref=sr_1_1?ie=UTF8&amp;s=books&amp;qid=1287323610&amp;sr=8-1#reader_0195150317\">Darwin&#8217;s Camera: Art and Photography in the Theory of Evolution<\/a>, que deve demorar algumas semanas para chegar. Se houver grandes novidades, complementarei o post.<\/p>\n<p>Infelizmente, o fime <a href=\"http:\/\/www.imdb.com\/title\/tt0974014\/\"><em>Creation<\/em><\/a> teve uma passagem ef\u00eamera pelas salas de cinema brasileiras, em mar\u00e7o deste ano.<\/p>\n","protected":false},"excerpt":{"rendered":"<p>Neste fim de semana, assisti ao filme \u201cCreation\u201d (2009), recorte da biografia de Charles Darwin centrado nas dificuldades que enfrentou quando finalizava A origem das esp\u00e9cies (1859). Vemos ali um personagem debilitado por uma doen\u00e7a desconhecida, atormentado pela morte de uma filha, e em conflito com os valores crist\u00e3os de sua comunidade e de sua fam\u00edlia. Numa das primeiras cenas, sua filha Annie est\u00e1 num est\u00fadio se preparando para ser fotografada. Darwin lhe explica como funciona a t\u00e9cnica. Enquanto o fot\u00f3grafo tenta fotografar a menina, ela parece mais interessada nas aventuras que seu pai lhe conta. Imagino que a fotografia [&hellip;]<\/p>\n","protected":false},"author":2,"featured_media":1181,"comment_status":"open","ping_status":"open","sticky":false,"template":"","format":"standard","meta":[],"categories":[2,821],"tags":[1034,460,588],"_links":{"self":[{"href":"https:\/\/www.iconica.com.br\/site\/wp-json\/wp\/v2\/posts\/1178"}],"collection":[{"href":"https:\/\/www.iconica.com.br\/site\/wp-json\/wp\/v2\/posts"}],"about":[{"href":"https:\/\/www.iconica.com.br\/site\/wp-json\/wp\/v2\/types\/post"}],"author":[{"embeddable":true,"href":"https:\/\/www.iconica.com.br\/site\/wp-json\/wp\/v2\/users\/2"}],"replies":[{"embeddable":true,"href":"https:\/\/www.iconica.com.br\/site\/wp-json\/wp\/v2\/comments?post=1178"}],"version-history":[{"count":1,"href":"https:\/\/www.iconica.com.br\/site\/wp-json\/wp\/v2\/posts\/1178\/revisions"}],"predecessor-version":[{"id":7100,"href":"https:\/\/www.iconica.com.br\/site\/wp-json\/wp\/v2\/posts\/1178\/revisions\/7100"}],"wp:featuredmedia":[{"embeddable":true,"href":"https:\/\/www.iconica.com.br\/site\/wp-json\/wp\/v2\/media\/1181"}],"wp:attachment":[{"href":"https:\/\/www.iconica.com.br\/site\/wp-json\/wp\/v2\/media?parent=1178"}],"wp:term":[{"taxonomy":"category","embeddable":true,"href":"https:\/\/www.iconica.com.br\/site\/wp-json\/wp\/v2\/categories?post=1178"},{"taxonomy":"post_tag","embeddable":true,"href":"https:\/\/www.iconica.com.br\/site\/wp-json\/wp\/v2\/tags?post=1178"}],"curies":[{"name":"wp","href":"https:\/\/api.w.org\/{rel}","templated":true}]}}