{"id":116,"date":"2009-10-24T06:37:17","date_gmt":"2009-10-24T06:37:17","guid":{"rendered":"http:\/\/www.iconica.com.br\/?p=116"},"modified":"2018-08-07T11:40:38","modified_gmt":"2018-08-07T11:40:38","slug":"dois-foto-filmes-raros-de-chris-marker","status":"publish","type":"post","link":"https:\/\/www.iconica.com.br\/site\/dois-foto-filmes-raros-de-chris-marker\/","title":{"rendered":"Dois foto-filmes raros de Chris Marker"},"content":{"rendered":"<p>Nesses dias, tive acesso a c\u00f3pias de dois filmes raros de Chris Marker, <em>Lembran\u00e7as de um futuro<\/em> (Souvenirs d\u2019um avenir, 2001), sobre o trabalho da fotografa Denise Bellon, e <em>Se eu tivesse quatro dromed\u00e1rios<\/em> (Si j\u2019avais quatre dromadaires, 1966), um di\u00e1logo fict\u00edcio em torno de imagens documentais que mostram as transforma\u00e7\u00f5es do mundo. Ambos discutem fotografia e s\u00e3o feitos a partir de fotografias, por isso, foto-filmes. Compartilho alguns pequenos fragmentos desses e outros trabalhos.<\/p>\n<p>Pra quem j\u00e1 conhece Marker, pode valer mais a pena ir direto aos v\u00eddeos.<\/p>\n<p>Pra quem n\u00e3o conhece, uma breve apresenta\u00e7\u00e3o. Ele \u00e9 um fot\u00f3grafo, cineasta e artista multim\u00eddia franc\u00eas, diretor do cl\u00e1ssico <em>La Jet\u00e9e<\/em> (algo como <em>A Plataforma<\/em>, 1962), filme de fic\u00e7\u00e3o tamb\u00e9m todo feito com imagens est\u00e1ticas (com exce\u00e7\u00e3o de uma breve passagem em movimento). O filme conta a hist\u00f3ria de um prisioneiro que vive num planeta devastado pela 3\u00aa Guerra mundial. Requisitado para experi\u00eancias de viagem no tempo, ele retorna ao momento de um trauma de inf\u00e2ncia e \u00e0 mulher cujo rosto \u00e9 a \u00fanica imagem que o reconforta. \u00c9 imperd\u00edvel.<\/p>\n<div style=\"width: 480px;\" class=\"wp-video\"><!--[if lt IE 9]><script>document.createElement('video');<\/script><![endif]-->\n<video class=\"wp-video-shortcode\" id=\"video-116-1\" width=\"480\" height=\"320\" preload=\"metadata\" controls=\"controls\"><source type=\"video\/mp4\" src=\"https:\/\/www.iconica.com.br\/site\/wp-content\/uploads\/2009\/10\/jetee....mp4?_=1\" \/><a href=\"https:\/\/www.iconica.com.br\/site\/wp-content\/uploads\/2009\/10\/jetee....mp4\">https:\/\/www.iconica.com.br\/site\/wp-content\/uploads\/2009\/10\/jetee....mp4<\/a><\/video><\/div>\n<p> &nbsp;<\/p>\n<p>Esse filme foi lan\u00e7ado no Brasil em DVD, junto com outra obra importante, <em>Sans Soleil<\/em> (Sem Sol, 1983).<\/p>\n<p>A maior parte de sua obra n\u00e3o est\u00e1 dispon\u00edvel nem mesmo na Fran\u00e7a. Felizmente, existe uma rede de aficcionados que compartilha informa\u00e7\u00f5es e, eventualmente, os pr\u00f3prios filmes. Assim eu fui formando uma cole\u00e7\u00e3o.<\/p>\n<p>Recentemente, o produtor cultural Rafael Sampaio, ex-aluno nosso da Faap, procurou o Marker e prop\u00f4s uma mostra de seus filmes, que aconteceu no Centro Cultural Banco do Brasil no meio deste ano. Em princ\u00edpio, ele recusou. Disse que seria algo t\u00e3o improdutivo quanto juntar pessoas numa sala para ficar lendo todos livros de um escritor. Mas acabou aceitando mostrar alguns trabalhos. Como poucas pessoas sabiam do que se tratava, creio que o p\u00fablico foi menor do que a mostra merecia. Mas foi uma conquista. O cat\u00e1logo n\u00e3o \u00e9 rico em imagens mas traz uma compila\u00e7\u00e3o de artigos, informa\u00e7\u00f5es biogr\u00e1ficas e uma descri\u00e7\u00e3o bastante completa de seus trabalhos, algo que n\u00e3o se encontra facilmente em lugar nenhum do mundo. Ainda \u00e9 poss\u00edvel compr\u00e1-lo no CCBB por R$ 5,00.<\/p>\n<p>At\u00e9 amanh\u00e3 (25\/10), temos no MIS-SP a exposi\u00e7\u00e3o <em>Staring Back<\/em> (algo como, <em>Olhando fixamente de volta<\/em>, 2007), um trabalho que realizou a partir de fotografias de diferentes \u00e9pocas e lugares.<\/p>\n<p>Marker \u00e9 uma figura enigm\u00e1tica. Raramente d\u00e1 entrevistas, n\u00e3o se deixa fotografar, n\u00e3o se conhece muito de sua biografia, mas inventam-se muitas lendas. Como diz o cineasta e amigo Alain Resnais, h\u00e1 hip\u00f3teses de que se trate de um extraterrestre. Dizem tamb\u00e9m que ele j\u00e1 foi visto em lugares muitos distantes ao mesmo tempo. \u00c9 bem verdade que ele viajou por quase todo o planeta, e viu de perto quase todos os conflitos do s\u00e9culo XX. Consagrado como fot\u00f3grafo e cineasta entre um p\u00fablico politizado, lan\u00e7ou trabalhos em v\u00eddeo nos anos 80, um CD-Rom (<em>Immemory<\/em>, 1997) e instala\u00e7\u00f5es multim\u00eddia nos anos 90 e, agora, com quase 90 anos de idade, anda com v\u00e1rios projetos pela internet. Recentemente, criou junto com artistas e ativistas da internet uma experi\u00eancia no <em>Second Life<\/em>, uma ilha chamada <em>Ouvroir<\/em> (algo como <em>Acervo<\/em>, 2008) onde reproduz uma recente retrospectiva feita na Sui\u00e7a. Sabe-se que, num dado momento, foi poss\u00edvel conversar com ele pr\u00f3prio, atrav\u00e9s de seu avatar, mas nunca tive esse privil\u00e9gio. Para\u00a0ilustrar, gravei uma navega\u00e7\u00e3o que fiz esse ano.<\/p>\n<div style=\"width: 488px;\" class=\"wp-video\"><video class=\"wp-video-shortcode\" id=\"video-116-2\" width=\"488\" height=\"272\" preload=\"metadata\" controls=\"controls\"><source type=\"video\/mp4\" src=\"https:\/\/www.iconica.com.br\/site\/wp-content\/uploads\/2009\/10\/ouvroir....mp4?_=2\" \/><a href=\"https:\/\/www.iconica.com.br\/site\/wp-content\/uploads\/2009\/10\/ouvroir....mp4\">https:\/\/www.iconica.com.br\/site\/wp-content\/uploads\/2009\/10\/ouvroir....mp4<\/a><\/video><\/div>\n<p> &nbsp;<\/p>\n<p>Marker tem uma habilidade excepcional de percorrer imagens de arquivos, dele ou de terceiros, e construir a partir delas amarra\u00e7\u00f5es surpreendentes, muitas vezes permeadas por elementos ficcionais. Faz hist\u00f3ria como um colecionador, como recomendaria Benjamin. Vamos aos dois filmes:<\/p>\n<p><strong>Souvenir d\u2019um avenir (Lembran\u00e7as de um futuro, 2001)<\/strong><\/p>\n<p>Homenagem e reflex\u00e3o dedicada \u00e0 obra da fot\u00f3grafa francesa Denise Bellon, que conviveu com os artistas das vanguardas europ\u00e9ias, trabalhou na Alliance Photo junto a fot\u00f3grafos como Robert Capa, David Seymour e Pierre Boucher , e permaneceu atuante na Fran\u00e7a ocupada pelos nazistas. Navegando pelas imagens, Marker demonstra como a 2\u00aa Guerra j\u00e1 se fazia pressentir na atmosfera captada por sua c\u00e2mera, num tempo de suposta calmaria do p\u00f3s 1\u00aa Guerra. Esse filme esteve na Mostra do CCBB, e s\u00e3o deles as legendas que mostro.<\/p>\n<div style=\"width: 488px;\" class=\"wp-video\"><video class=\"wp-video-shortcode\" id=\"video-116-3\" width=\"488\" height=\"272\" preload=\"metadata\" controls=\"controls\"><source type=\"video\/mp4\" src=\"https:\/\/www.iconica.com.br\/site\/wp-content\/uploads\/2009\/10\/souvenir....mp4?_=3\" \/><a href=\"https:\/\/www.iconica.com.br\/site\/wp-content\/uploads\/2009\/10\/souvenir....mp4\">https:\/\/www.iconica.com.br\/site\/wp-content\/uploads\/2009\/10\/souvenir....mp4<\/a><\/video><\/div>\n<p> &nbsp;<\/p>\n<p><strong>Si j\u2019avais quatre dromadaires (Se eu tivesse quatro dromed\u00e1rios, 1966)<\/strong><\/p>\n<p>Conversa ficcional entre um fot\u00f3grafo e dois amigos, sobre imagens tomadas em diferentes partes do mundo. Enquanto pensa a fotografia atrav\u00e9s desses personagens, Marker constr\u00f3i um document\u00e1rio que discute diferen\u00e7as entre culturas, as transforma\u00e7\u00f5es trazidas pelo progresso, e as utopias revolucion\u00e1rias, alguns de seus temas mais recorrentes. Este filme n\u00e3o esteve na mostra e s\u00f3 consegui uma c\u00f3pia dele esta semana. Quem quiser v\u00ea-lo inteiro, est\u00e1 dispon\u00edvel no site <a href=\"http:\/\/www.tofu-magazine.net\/newVersion\/pages\/4%20dromadaires.html\">Tofu<\/a>, sem legendas. A tradu\u00e7\u00e3o deste fragmento \u00e9 minha, sujeita a erros, e com um fragmento de conversa que n\u00e3o consegui entender. O estranho t\u00edtulo do filme \u00e9 o final do poema <em>Dromadaires<\/em>, de Guillaume Apollinaire, que foi musicado pelo compositor Francis Poulenc.<\/p>\n<p><em>Avec ses quatre dromadaire<\/em>s (Com seus quatro domed\u00e1rios)<br \/>\n<em>Don Pedro d&#8217;Alfaroubeira<\/em> (D. Pedro de Alfarroubeira)<br \/>\n<em>Courut le monde et l&#8217;admira<\/em> (Correu o mundo e o admirou)<br \/>\n<em>Il fit ce que je voudrais faire<\/em> (Fez o que eu gostaria de fazer)<br \/>\n<em>Si j&#8217;avais quatre dromadaires<\/em> (Se eu tivesse quatro dromed\u00e1rios)<\/p>\n<div style=\"width: 480px;\" class=\"wp-video\"><video class=\"wp-video-shortcode\" id=\"video-116-4\" width=\"480\" height=\"320\" preload=\"metadata\" controls=\"controls\"><source type=\"video\/mp4\" src=\"https:\/\/www.iconica.com.br\/site\/wp-content\/uploads\/2009\/10\/dromadaires....mp4?_=4\" \/><a href=\"https:\/\/www.iconica.com.br\/site\/wp-content\/uploads\/2009\/10\/dromadaires....mp4\">https:\/\/www.iconica.com.br\/site\/wp-content\/uploads\/2009\/10\/dromadaires....mp4<\/a><\/video><\/div>\n<p> &nbsp;<\/p>\n<p><strong>Bonus: Lettre de Siberie (Carta da Siberia, 1957)<\/strong><\/p>\n<p>Para finalizar, deixo um trecho deste filme que, apesar de muito discutido, \u00e9 quase imposs\u00edvel de encontrar. Ao que parece, Marker n\u00e3o permite mais sua exibi\u00e7\u00e3o. Consegui comprar um DVD defeituoso (faltam 3 minutos) e supostamente autorizado, num disputad\u00edssimo leil\u00e3o no e-Bay.<\/p>\n<p>Nesse trecho, Marker faz um exerc\u00edcio que sugere a fragilidade das pretens\u00f5es documentais da imagem: uma mesma tomada repetida tr\u00eas vezes, pode servir para legitimar discursos muito distintos e mesmo contradit\u00f3rios.<\/p>\n<div style=\"width: 480px;\" class=\"wp-video\"><video class=\"wp-video-shortcode\" id=\"video-116-5\" width=\"480\" height=\"320\" preload=\"metadata\" controls=\"controls\"><source type=\"video\/mp4\" src=\"https:\/\/www.iconica.com.br\/site\/wp-content\/uploads\/2012\/09\/siberie....mp4?_=5\" \/><a href=\"https:\/\/www.iconica.com.br\/site\/wp-content\/uploads\/2012\/09\/siberie....mp4\">https:\/\/www.iconica.com.br\/site\/wp-content\/uploads\/2012\/09\/siberie....mp4<\/a><\/video><\/div>\n<p>A filmografia completa de Chris Marker pode ser vista no <a href=\"http:\/\/www.imdb.com\/name\/nm0003408\/\" target=\"_blank\" rel=\"noopener\">IMDB<\/a>. Quase completa, porque ele segue produzindo.<\/p>\n<p>Eu discuti alguns de seus trabalhos num artigo chamado <em>Mem\u00f3rias fixadas, sentidos itinerantes<\/em> publicado em 2008 na Revista Facom, da Faap, e parcialmente reproduzido no cat\u00e1logo do CCBB. Pode ser acessado numa <a href=\"http:\/\/www.entler.com.br\/textos\/chris_marker.html\">vers\u00e3o on line<\/a>.<\/p>\n","protected":false},"excerpt":{"rendered":"<p>Nesses dias, tive acesso a c\u00f3pias de dois filmes raros de Chris Marker, Lembran\u00e7as de um futuro (Souvenirs d\u2019um avenir, 2001), sobre o trabalho da fotografa Denise Bellon, e Se eu tivesse quatro dromed\u00e1rios (Si j\u2019avais quatre dromadaires, 1966), um di\u00e1logo fict\u00edcio em torno de imagens documentais que mostram as transforma\u00e7\u00f5es do mundo. Ambos discutem fotografia e s\u00e3o feitos a partir de fotografias, por isso, foto-filmes. Compartilho alguns pequenos fragmentos desses e outros trabalhos. Pra quem j\u00e1 conhece Marker, pode valer mais a pena ir direto aos v\u00eddeos. Pra quem n\u00e3o conhece, uma breve apresenta\u00e7\u00e3o. Ele \u00e9 um fot\u00f3grafo, cineasta [&hellip;]<\/p>\n","protected":false},"author":2,"featured_media":186,"comment_status":"open","ping_status":"open","sticky":false,"template":"","format":"standard","meta":[],"categories":[2,832],"tags":[470],"_links":{"self":[{"href":"https:\/\/www.iconica.com.br\/site\/wp-json\/wp\/v2\/posts\/116"}],"collection":[{"href":"https:\/\/www.iconica.com.br\/site\/wp-json\/wp\/v2\/posts"}],"about":[{"href":"https:\/\/www.iconica.com.br\/site\/wp-json\/wp\/v2\/types\/post"}],"author":[{"embeddable":true,"href":"https:\/\/www.iconica.com.br\/site\/wp-json\/wp\/v2\/users\/2"}],"replies":[{"embeddable":true,"href":"https:\/\/www.iconica.com.br\/site\/wp-json\/wp\/v2\/comments?post=116"}],"version-history":[{"count":5,"href":"https:\/\/www.iconica.com.br\/site\/wp-json\/wp\/v2\/posts\/116\/revisions"}],"predecessor-version":[{"id":12058,"href":"https:\/\/www.iconica.com.br\/site\/wp-json\/wp\/v2\/posts\/116\/revisions\/12058"}],"wp:featuredmedia":[{"embeddable":true,"href":"https:\/\/www.iconica.com.br\/site\/wp-json\/wp\/v2\/media\/186"}],"wp:attachment":[{"href":"https:\/\/www.iconica.com.br\/site\/wp-json\/wp\/v2\/media?parent=116"}],"wp:term":[{"taxonomy":"category","embeddable":true,"href":"https:\/\/www.iconica.com.br\/site\/wp-json\/wp\/v2\/categories?post=116"},{"taxonomy":"post_tag","embeddable":true,"href":"https:\/\/www.iconica.com.br\/site\/wp-json\/wp\/v2\/tags?post=116"}],"curies":[{"name":"wp","href":"https:\/\/api.w.org\/{rel}","templated":true}]}}