{"id":1153,"date":"2010-10-04T03:32:38","date_gmt":"2010-10-04T03:32:38","guid":{"rendered":"http:\/\/www.iconica.com.br\/?p=1153"},"modified":"2016-05-28T13:48:39","modified_gmt":"2016-05-28T13:48:39","slug":"um-momento-especial-para-a-fotografia","status":"publish","type":"post","link":"https:\/\/www.iconica.com.br\/site\/um-momento-especial-para-a-fotografia\/","title":{"rendered":"Um momento especial para a fotografia"},"content":{"rendered":"<p>Nunca na hist\u00f3ria da fotografia, nacional e internacional, vivemos um momento t\u00e3o intenso como este. Pelo fato da fotografia passar por uma nova consolida\u00e7\u00e3o de seu suporte tecnol\u00f3gico, tem provocado uma aten\u00e7\u00e3o especial \u00e0 sua produ\u00e7\u00e3o. Sua legitimidade como manifesta\u00e7\u00e3o art\u00edstica e cultural \u00e9 indiscut\u00edvel e podemos assistir agora em S\u00e3o Paulo uma verdadeira explos\u00e3o fotogr\u00e1fica de qualidade inquestion\u00e1vel. \u00c9 poss\u00edvel acessar exposi\u00e7\u00f5es em que a fotografia, moderna e contempor\u00e2nea, ocupa espa\u00e7os nobres da cidade e provoca nossa imagina\u00e7\u00e3o.<\/p>\n<p>O s\u00e9culo XX possibilitou a consolida\u00e7\u00e3o da fotografia gra\u00e7as aos artistas que souberam n\u00e3o s\u00f3 dominar a t\u00e9cnica, como expandir os limites do fazer fotogr\u00e1fico e produzir imagens que nos deixa em estado de \u00eaxtase. Antes de mais nada, entender o territ\u00f3rio da fotografia dentro da arte contempor\u00e2nea \u00e9 perceber como ela conquistou um espa\u00e7o nobre nas artes visuais atrav\u00e9s de um trabalho incessante em v\u00e1rias dire\u00e7\u00f5es, viabilizando-se como documento e como superf\u00edcie sens\u00edvel capaz de detonar quest\u00f5es est\u00e9ticas e perceptivas.<\/p>\n<div id=\"attachment_1154\" style=\"width: 222px\" class=\"wp-caption alignleft\"><a href=\"http:\/\/192.249.123.35\/~iconic16\/site\/wp-content\/uploads\/2010\/10\/vargas-31.jpg\"><img aria-describedby=\"caption-attachment-1154\" decoding=\"async\" loading=\"lazy\" class=\"size-full wp-image-1154\" src=\"http:\/\/192.249.123.35\/~iconic16\/site\/wp-content\/uploads\/2010\/10\/vargas-31.jpg\" alt=\"Irm\u00e3os Vargas\" width=\"212\" height=\"237\" \/><\/a><p id=\"caption-attachment-1154\" class=\"wp-caption-text\">Irm\u00e3os Vargas. Isabel Sanchez Os\u00f3rio, 1926<\/p><\/div>\n<p>Se pensarmos na fotografia moderna, h\u00e1 de se destacar as exposi\u00e7\u00f5es da Pinacoteca do Estado \u2013 <em>Est\u00fadio de Arte Irm\u00e3os Vargas \u2013 a fotografia em Arequipa, Peru \u2013 1912\/1930<\/em> e <em>Gaspar Gasparian \u2013 um fot\u00f3grafo<\/em>, ambas com a curadoria de Di\u00f3genes Moura; e a mostra <em>As constru\u00e7\u00f5es de Bras\u00edlia<\/em>, fotografias de Marcel Gautherot, Peter Scheier e Thomaz Farkas, na Galeria de Arte do Sesi (Avenida Paulista, 1313), organizada pelo Instituto Moreira Salles.<\/p>\n<p>Visitar a exposi\u00e7\u00e3o dos Irm\u00e3os Vargas \u00e9 se deparar com a beleza acentuada da fotografia encenada e se emocionar com o clima dram\u00e1tico das luzes e dos retoques da fotografia pictorialista. Mantendo um est\u00fadio em Arequipa, distante e desconectado dos centros de produ\u00e7\u00e3o, eles desenvolveram com muito sucesso uma fotografia baseada no retrato teatralizado. Incr\u00edveis performances que lembram o cinema mudo, mas que ainda hoje ressoam como experi\u00eancias est\u00e9ticas realizadas entre o pict\u00f3rico e o cinem\u00e1tico no interior da pr\u00f3pria fotografia.<\/p>\n<div id=\"attachment_1155\" style=\"width: 278px\" class=\"wp-caption alignleft\"><a href=\"http:\/\/192.249.123.35\/~iconic16\/site\/wp-content\/uploads\/2010\/10\/gaspar-11.jpg\"><img aria-describedby=\"caption-attachment-1155\" decoding=\"async\" loading=\"lazy\" class=\"size-full wp-image-1155\" src=\"http:\/\/192.249.123.35\/~iconic16\/site\/wp-content\/uploads\/2010\/10\/gaspar-11.jpg\" alt=\"Gaspar Gasparian\" width=\"268\" height=\"188\" \/><\/a><p id=\"caption-attachment-1155\" class=\"wp-caption-text\">Gaspar Gasparian<\/p><\/div>\n<p>A exposi\u00e7\u00e3o de Gaspar Gasparian traz outra desconcertante viv\u00eancia diante do belo, pois estamos frente a c\u00f3pias <em>vintage<\/em>, de \u00e9poca, que tem uma adequa\u00e7\u00e3o exata entre a densidade da matriz (o negativo) e a textura e o tom do papel utilizado. Essa quest\u00e3o \u00e9 relevante, pois a fotografia produzida nos anos 1950 era idealizada para ser impressa num suporte espec\u00edfico dentre as variedades dispon\u00edveis no mercado. Isso dava \u00e0 fotografia uma caracter\u00edstica imag\u00e9tica diferente das impress\u00f5es digitais atuais. Al\u00e9m disso, Gasparian foi empres\u00e1rio bem sucedido na \u00e1rea t\u00eaxtil e fot\u00f3grafo amador, um exemplo cl\u00e1ssico dos associados do Foto Cine Clube Bandeirante, a moderna escola da fotografia brasileira. A exposi\u00e7\u00e3o nos permite perceber que suas fotografias s\u00e3o composi\u00e7\u00f5es harmoniosas, algumas arranjadas, de luzes estudadas e cortes precisos, que desvendam os seus procedimentos de trabalho.<\/p>\n<p>J\u00e1 a Galeria de Arte do Sesi traz em <em>As constru\u00e7\u00f5es de Bras\u00edlia<\/em>, imagens de alguns dos mais importantes nomes da fotografia documental dos anos 1950 \u2013 Marcel Gautherot e Peter Scheier \u2013 e da fotografia modernista \u2013 Thomaz Farkas. A exposi\u00e7\u00e3o tem a monumentalidade da arquitetura da capital e acentua a qualidade t\u00e9cnica e est\u00e9tica da fotografia produzida por estes profissionais, refer\u00eancias fundamentais da hist\u00f3ria do per\u00edodo. Como sempre, a montagem do Instituto Moreira Salles \u00e9 exemplar.<\/p>\n<p>Simultaneamente aos modernos, temos os contempor\u00e2neos. As exposi\u00e7\u00f5es <em>Apreens\u00f5es<\/em>, de Bob Wolfenson, no Centro Cultural Maria Antonia; <em>Maldicidade<\/em>, de Miguel Rio Branco, no Museu da Imagem e do Som; <em>Recorr\u00eancias<\/em>, de Mauro Restiffe, na Galeria Fortes Vila\u00e7a; <em>Esqueceu de Beber \u00c1gua, Agora Chora de Sede<\/em>, de Caio Reisewitz, na Galeria Luciana Brito; <em>A Casa em Festa<\/em>, da novata Flavia Junqueira, na Zipper Galeria; a 18\u00ba edi\u00e7\u00e3o da Cole\u00e7\u00e3o Pirelli-Masp, no Masp; e a presen\u00e7a da fotografia da Bienal Internacional de S\u00e3o Paulo.<\/p>\n<div id=\"attachment_1163\" style=\"width: 274px\" class=\"wp-caption alignleft\"><a href=\"http:\/\/192.249.123.35\/~iconic16\/site\/wp-content\/uploads\/2010\/10\/Miguel-21.jpg\"><img aria-describedby=\"caption-attachment-1163\" decoding=\"async\" loading=\"lazy\" class=\"size-full wp-image-1163\" src=\"http:\/\/192.249.123.35\/~iconic16\/site\/wp-content\/uploads\/2010\/10\/Miguel-21.jpg\" alt=\"Miguel Rio Branco\" width=\"264\" height=\"176\" \/><\/a><p id=\"caption-attachment-1163\" class=\"wp-caption-text\">Miguel Rio Branco<\/p><\/div>\n<p>Essa reuni\u00e3o de artistas e institui\u00e7\u00f5es culturais mostra a for\u00e7a da fotografia na cena cultural paulistana e brasileira. A individual de Miguel Rio Branco, por exemplo, re\u00fane 40 fotografias, 3 v\u00eddeos e uma instala\u00e7\u00e3o, discute o drama e o isolamento dos menos favorecidos que vivem nas grandes metr\u00f3poles. Rio Branco com seu olhar cr\u00edtico e po\u00e9tico mant\u00e9m o tom provocativo de seus trabalhos anteriores e deixa claro que sua inten\u00e7\u00e3o \u00e9 dar visibilidade \u00e0 situa\u00e7\u00e3o de abandono e decad\u00eancia do espa\u00e7o p\u00fablico. Fotografias sombrias, de extrema complexidade e carregadas de den\u00fancias que, somadas aos v\u00eddeos e \u00e0 instala\u00e7\u00e3o, montam uma narrativa dram\u00e1tica e sens\u00edvel do homem contempor\u00e2neo.<\/p>\n<p>Fica claro que houve um esfor\u00e7o por parte das institui\u00e7\u00f5es culturais e galerias comerciais que selecionaram o seu melhor para o per\u00edodo da Bienal da Internacional. Se por um lado temos a Cole\u00e7\u00e3o Pirelli-Masp com 17 artistas que integram esta edi\u00e7\u00e3o, mostrando mais uma vez a diversidade geogr\u00e1fica e a singularidade da produ\u00e7\u00e3o fotogr\u00e1fica brasileira; por outro, temos a Bienal Internacional, que nesta edi\u00e7\u00e3o ampliou significativamente os espa\u00e7os para a fotografia e o v\u00eddeo.<\/p>\n<div id=\"attachment_1159\" style=\"width: 290px\" class=\"wp-caption alignleft\"><a href=\"http:\/\/192.249.123.35\/~iconic16\/site\/wp-content\/uploads\/2010\/10\/goldin11.jpg\"><img aria-describedby=\"caption-attachment-1159\" decoding=\"async\" loading=\"lazy\" class=\"size-medium wp-image-1159\" src=\"http:\/\/192.249.123.35\/~iconic16\/site\/wp-content\/uploads\/2010\/10\/goldin1-280x187.jpg\" alt=\"Nan Goldin\" width=\"280\" height=\"187\" \/><\/a><p id=\"caption-attachment-1159\" class=\"wp-caption-text\">Nan Goldin<\/p><\/div>\n<p>A decep\u00e7\u00e3o fica por conta da exposi\u00e7\u00e3o de Nan Goldin, divulgada pela Funda\u00e7\u00e3o Bienal de S\u00e3o Paulo com bastante anteced\u00eancia, mas que na verdade n\u00e3o mostra as fotografias da artista. S\u00e3o apenas imagens projetadas e sonorizadas. N\u00e3o \u00e9 v\u00eddeo nem fotografia. A expectativa que t\u00ednhamos era de ver as amplia\u00e7\u00f5es fotogr\u00e1ficas de Nan Goldin que, ao longo de suas s\u00e9ries, desenvolveu uma profunda an\u00e1lise das nossas rela\u00e7\u00f5es sociais, familiares e amorosas. Suas imagens s\u00e3o provocativas e n\u00e3o permitem qualquer indiferen\u00e7a. <em>The Ballad of Sexual Dependency<\/em>, de 1986, t\u00edtulo que remete a uma can\u00e7\u00e3o de Bertolt Brecht, j\u00e1 \u00e9 um cl\u00e1ssico da fotografia intimista e dram\u00e1tica; <em>The Beautiful Smile<\/em>, de 2007, relativo ao pr\u00eamio da Hasselblad; e <em>Emotions and Relations<\/em>, de 1998; s\u00e3o livros que trazem a quest\u00e3o do cotidiano e da intimidade via uma fotografia direta, sem desvios aparentes.<\/p>\n<p>Essas exposi\u00e7\u00f5es, que mostram importantes artistas, abrangem o moderno e o contempor\u00e2neo, ampliam nossa imagina\u00e7\u00e3o e oferecem um conjunto de refer\u00eancias significativas para melhor compreens\u00e3o do mundo que vivemos. Nenhuma outra manifesta\u00e7\u00e3o das artes visuais ocupa a cidade com tal diversidade e qualidade. Um momento especial para todos n\u00f3s que batalhamos para criar espa\u00e7os de visibilidade e circula\u00e7\u00e3o para a produ\u00e7\u00e3o fotogr\u00e1fica nacional e internacional.<\/p>\n","protected":false},"excerpt":{"rendered":"<p>Nunca na hist\u00f3ria da fotografia, nacional e internacional, vivemos um momento t\u00e3o intenso como este. Pelo fato da fotografia passar por uma nova consolida\u00e7\u00e3o de seu suporte tecnol\u00f3gico, tem provocado uma aten\u00e7\u00e3o especial \u00e0 sua produ\u00e7\u00e3o. Sua legitimidade como manifesta\u00e7\u00e3o art\u00edstica e cultural \u00e9 indiscut\u00edvel e podemos assistir agora em S\u00e3o Paulo uma verdadeira explos\u00e3o fotogr\u00e1fica de qualidade inquestion\u00e1vel. \u00c9 poss\u00edvel acessar exposi\u00e7\u00f5es em que a fotografia, moderna e contempor\u00e2nea, ocupa espa\u00e7os nobres da cidade e provoca nossa imagina\u00e7\u00e3o. O s\u00e9culo XX possibilitou a consolida\u00e7\u00e3o da fotografia gra\u00e7as aos artistas que souberam n\u00e3o s\u00f3 dominar a t\u00e9cnica, como expandir os [&hellip;]<\/p>\n","protected":false},"author":4,"featured_media":1158,"comment_status":"open","ping_status":"open","sticky":false,"template":"","format":"standard","meta":[],"categories":[833,827,838],"tags":[356,426,537,562],"_links":{"self":[{"href":"https:\/\/www.iconica.com.br\/site\/wp-json\/wp\/v2\/posts\/1153"}],"collection":[{"href":"https:\/\/www.iconica.com.br\/site\/wp-json\/wp\/v2\/posts"}],"about":[{"href":"https:\/\/www.iconica.com.br\/site\/wp-json\/wp\/v2\/types\/post"}],"author":[{"embeddable":true,"href":"https:\/\/www.iconica.com.br\/site\/wp-json\/wp\/v2\/users\/4"}],"replies":[{"embeddable":true,"href":"https:\/\/www.iconica.com.br\/site\/wp-json\/wp\/v2\/comments?post=1153"}],"version-history":[{"count":1,"href":"https:\/\/www.iconica.com.br\/site\/wp-json\/wp\/v2\/posts\/1153\/revisions"}],"predecessor-version":[{"id":7110,"href":"https:\/\/www.iconica.com.br\/site\/wp-json\/wp\/v2\/posts\/1153\/revisions\/7110"}],"wp:featuredmedia":[{"embeddable":true,"href":"https:\/\/www.iconica.com.br\/site\/wp-json\/wp\/v2\/media\/1158"}],"wp:attachment":[{"href":"https:\/\/www.iconica.com.br\/site\/wp-json\/wp\/v2\/media?parent=1153"}],"wp:term":[{"taxonomy":"category","embeddable":true,"href":"https:\/\/www.iconica.com.br\/site\/wp-json\/wp\/v2\/categories?post=1153"},{"taxonomy":"post_tag","embeddable":true,"href":"https:\/\/www.iconica.com.br\/site\/wp-json\/wp\/v2\/tags?post=1153"}],"curies":[{"name":"wp","href":"https:\/\/api.w.org\/{rel}","templated":true}]}}