{"id":10854,"date":"2016-09-23T15:27:09","date_gmt":"2016-09-23T15:27:09","guid":{"rendered":"http:\/\/www.iconica.com.br\/site\/?p=10854"},"modified":"2016-12-19T12:58:32","modified_gmt":"2016-12-19T12:58:32","slug":"a-perda-e-o-reencontro-as-varias-distancias-das-imagens","status":"publish","type":"post","link":"https:\/\/www.iconica.com.br\/site\/a-perda-e-o-reencontro-as-varias-distancias-das-imagens\/","title":{"rendered":"A perda e o reencontro: as v\u00e1rias dist\u00e2ncias das imagens"},"content":{"rendered":"<div id=\"attachment_10855\" style=\"width: 684px\" class=\"wp-caption alignleft\"><a href=\"https:\/\/www.iconica.com.br\/site\/wp-content\/uploads\/2016\/09\/ab98ffde01.jpg\" data-size=\"1280x910\"><img aria-describedby=\"caption-attachment-10855\" decoding=\"async\" loading=\"lazy\" class=\"size-large wp-image-10855\" src=\"https:\/\/www.iconica.com.br\/site\/wp-content\/uploads\/2016\/09\/ab98ffde01-674x479.jpg\" alt=\"Gisele Beiguelman, Deserto Rosso, 2016\" width=\"674\" height=\"479\" srcset=\"https:\/\/www.iconica.com.br\/site\/wp-content\/uploads\/2016\/09\/ab98ffde01-674x479.jpg 674w, https:\/\/www.iconica.com.br\/site\/wp-content\/uploads\/2016\/09\/ab98ffde01-360x256.jpg 360w, https:\/\/www.iconica.com.br\/site\/wp-content\/uploads\/2016\/09\/ab98ffde01-768x546.jpg 768w, https:\/\/www.iconica.com.br\/site\/wp-content\/uploads\/2016\/09\/ab98ffde01.jpg 1280w\" sizes=\"(max-width: 674px) 100vw, 674px\" \/><\/a><p id=\"caption-attachment-10855\" class=\"wp-caption-text\">Gisele Beiguelman, Deserto Rosso, 2016<\/p><\/div>\n<p>Encerra-se neste fim de semana a exposi\u00e7\u00e3o <em>Cinema Lascado<\/em>, de Giselle Beiguelman (curadoria de Eder Chiodetto), na Caixa Cultural-SP. No mesmo local, o p\u00fablico pode ver tamb\u00e9m <em>A Valise Mexicana<\/em>, com fotografias da Guerra Civil Espanhola feitas por Robert Capa, Gerda Taro e David \u201cChim\u201d Seymour (curadoria de Cynthia Young). Em comum, essas exposi\u00e7\u00f5es testemunham os descaminhos a que as imagens est\u00e3o sujeitas. Mas elas se complementam justamente por mostrar duas posturas distintas que convocam do olhar: <em>Cinema Lascado<\/em>\u00a0assume a &#8220;perda&#8221; &#8211; palavra destacada pela pr\u00f3pria artista &#8211; como elemento constituinte dessas imagens que parecem sempre pr\u00f3ximas e dispon\u00edveis; <em>A Valise Mexicana<\/em>\u00a0celebra a restitui\u00e7\u00e3o daquilo que parecia distante e irrecuper\u00e1vel.<\/p>\n<div id=\"attachment_10856\" style=\"width: 684px\" class=\"wp-caption alignleft\"><a href=\"https:\/\/www.iconica.com.br\/site\/wp-content\/uploads\/2016\/09\/Robert-Capa.-Homem-carregando-garoto-ferido-batalha-de-Teruel-Espanha.jpg\" data-size=\"720x670\"><img aria-describedby=\"caption-attachment-10856\" decoding=\"async\" loading=\"lazy\" class=\"size-large wp-image-10856\" src=\"https:\/\/www.iconica.com.br\/site\/wp-content\/uploads\/2016\/09\/Robert-Capa.-Homem-carregando-garoto-ferido-batalha-de-Teruel-Espanha-674x627.jpg\" alt=\"Robert Capa, Batalha de Teruel.\" width=\"674\" height=\"627\" srcset=\"https:\/\/www.iconica.com.br\/site\/wp-content\/uploads\/2016\/09\/Robert-Capa.-Homem-carregando-garoto-ferido-batalha-de-Teruel-Espanha-674x627.jpg 674w, https:\/\/www.iconica.com.br\/site\/wp-content\/uploads\/2016\/09\/Robert-Capa.-Homem-carregando-garoto-ferido-batalha-de-Teruel-Espanha-360x335.jpg 360w, https:\/\/www.iconica.com.br\/site\/wp-content\/uploads\/2016\/09\/Robert-Capa.-Homem-carregando-garoto-ferido-batalha-de-Teruel-Espanha.jpg 720w\" sizes=\"(max-width: 674px) 100vw, 674px\" \/><\/a><p id=\"caption-attachment-10856\" class=\"wp-caption-text\">Robert Capa, Batalha de Teruel.<\/p><\/div>\n<p>Em <em>Cinema Lascado<\/em>, Giselle Beiguelman revisita seus arquivos destacando\u00a0aquilo que eles tem de ef\u00eamero: as imagens s\u00e3o muitas e s\u00e3o fal\u00edveis, distanciam-se rapidamente no fluxo das <em>timelines<\/em>, corrompem-se ou se tornam ileg\u00edveis gra\u00e7as \u00e0 instabilidade das m\u00eddias ou da obsolesc\u00eancia dos programas que utilizamos para l\u00ea-las. Por sua vez, <em>Valise Mexicana<\/em> mostra fotografias que desapareceram por muitas d\u00e9cadas, que cumpriram uma longa jornada, mas que sobreviveram e mantiveram sua promessa de legibilidade.<\/p>\n<p><em>Cinema Lascado<\/em> reproduz a experi\u00eancia contempor\u00e2nea da fragmenta\u00e7\u00e3o: \u00e9 uma exposi\u00e7\u00e3o que pode ser vista a certa dist\u00e2ncia, num percurso mais incerto e hesitante, porque assume a interfer\u00eancia de uma imagem sobre a outra: n\u00e3o apenas os ru\u00eddos sobre as imagens, mas as pr\u00f3prias imagens como ru\u00eddo. <em>Valise Mexicana<\/em> convida \u00e0 percorrer a totalidade de uma grande narrativa. As fotografias e as folhas de contatos\u00a0devem ser vistas de perto, lentamente, com lupa, quadro a quadro. Elas pertencem a uma \u00e9poca em que deposit\u00e1vamos uma enorme confian\u00e7a na estabilidade\u00a0e na integridade dos documentos produzidos pela t\u00e9cnica. J\u00e1\u00a0<em>Cinema Lascado<\/em> assume que boa parte das nossas mem\u00f3rias\u00a0s\u00f3 poder\u00e1 sobreviver como ru\u00edna, incompleta, transformada, contaminada.<\/p>\n<p><iframe loading=\"lazy\" src=\"https:\/\/player.vimeo.com\/video\/17454043\" width=\"640\" height=\"360\" frameborder=\"0\" title=\"cinema lascado\" webkitallowfullscreen mozallowfullscreen allowfullscreen><\/iframe><\/p>\n<p><a href=\"https:\/\/www.iconica.com.br\/site\/wp-content\/uploads\/2016\/09\/Valise.jpg\" data-size=\"1224x1123\"><img decoding=\"async\" loading=\"lazy\" class=\"alignleft size-large wp-image-10857\" src=\"https:\/\/www.iconica.com.br\/site\/wp-content\/uploads\/2016\/09\/Valise-674x618.jpg\" alt=\"valise\" width=\"674\" height=\"618\" srcset=\"https:\/\/www.iconica.com.br\/site\/wp-content\/uploads\/2016\/09\/Valise-674x618.jpg 674w, https:\/\/www.iconica.com.br\/site\/wp-content\/uploads\/2016\/09\/Valise-360x330.jpg 360w, https:\/\/www.iconica.com.br\/site\/wp-content\/uploads\/2016\/09\/Valise-768x705.jpg 768w, https:\/\/www.iconica.com.br\/site\/wp-content\/uploads\/2016\/09\/Valise.jpg 1224w\" sizes=\"(max-width: 674px) 100vw, 674px\" \/><\/a><\/p>\n<p><em>Valise Mexicana<\/em> traz a experi\u00eancia com uma imagem que \u00e9 hist\u00f3rica, pr\u00f3pria de um tempo heroico, inconfund\u00edvel, do qual certamente temos grande nostalgia. <em>Cinema Lascado<\/em> fala de um presente que j\u00e1 nasce contaminado de muitos outros tempos: um pouco do mesmo olhar moderno forjado pela fotografia e pelo cinema, as tecnologias digitais que, em cada uma de suas fases, sempre prometiam nos tornar mais pr\u00f3ximos\u00a0do futuro e, por fim, algo de\u00a0uma \u00e9poca arcaica em que\u00a0as formas eram talhadas por uma\u00a0for\u00e7a bruta: a idade pedra lascada.<\/p>\n<p>S\u00e3o duas exposi\u00e7\u00f5es boas para ver em sequ\u00eancia, porque d\u00e3o conta da amplitude de experi\u00eancias que a imagem \u00e9 capaz de produzir. Saindo de l\u00e1, vale dar um passeio pelo centro de S\u00e3o Paulo. O olhar ter\u00e1 mais chances de tirar proveito das contradi\u00e7\u00f5es que comp\u00f5em a paisagem dessa cidade.<\/p>\n","protected":false},"excerpt":{"rendered":"<p>Encerra-se neste fim de semana a exposi\u00e7\u00e3o Cinema Lascado, de Giselle Beiguelman (curadoria de Eder Chiodetto), na Caixa Cultural-SP. No mesmo local, o p\u00fablico pode ver tamb\u00e9m A Valise Mexicana, com fotografias da Guerra Civil Espanhola feitas por Robert Capa, Gerda Taro e David \u201cChim\u201d Seymour (curadoria de Cynthia Young). Em comum, essas exposi\u00e7\u00f5es testemunham os descaminhos a que as imagens est\u00e3o sujeitas. Mas elas se complementam justamente por mostrar duas posturas distintas que convocam do olhar: Cinema Lascado\u00a0assume a &#8220;perda&#8221; &#8211; palavra destacada pela pr\u00f3pria artista &#8211; como elemento constituinte dessas imagens que parecem sempre pr\u00f3ximas e dispon\u00edveis; A [&hellip;]<\/p>\n","protected":false},"author":2,"featured_media":10855,"comment_status":"open","ping_status":"open","sticky":false,"template":"","format":"standard","meta":[],"categories":[833],"tags":[],"_links":{"self":[{"href":"https:\/\/www.iconica.com.br\/site\/wp-json\/wp\/v2\/posts\/10854"}],"collection":[{"href":"https:\/\/www.iconica.com.br\/site\/wp-json\/wp\/v2\/posts"}],"about":[{"href":"https:\/\/www.iconica.com.br\/site\/wp-json\/wp\/v2\/types\/post"}],"author":[{"embeddable":true,"href":"https:\/\/www.iconica.com.br\/site\/wp-json\/wp\/v2\/users\/2"}],"replies":[{"embeddable":true,"href":"https:\/\/www.iconica.com.br\/site\/wp-json\/wp\/v2\/comments?post=10854"}],"version-history":[{"count":9,"href":"https:\/\/www.iconica.com.br\/site\/wp-json\/wp\/v2\/posts\/10854\/revisions"}],"predecessor-version":[{"id":10862,"href":"https:\/\/www.iconica.com.br\/site\/wp-json\/wp\/v2\/posts\/10854\/revisions\/10862"}],"wp:featuredmedia":[{"embeddable":true,"href":"https:\/\/www.iconica.com.br\/site\/wp-json\/wp\/v2\/media\/10855"}],"wp:attachment":[{"href":"https:\/\/www.iconica.com.br\/site\/wp-json\/wp\/v2\/media?parent=10854"}],"wp:term":[{"taxonomy":"category","embeddable":true,"href":"https:\/\/www.iconica.com.br\/site\/wp-json\/wp\/v2\/categories?post=10854"},{"taxonomy":"post_tag","embeddable":true,"href":"https:\/\/www.iconica.com.br\/site\/wp-json\/wp\/v2\/tags?post=10854"}],"curies":[{"name":"wp","href":"https:\/\/api.w.org\/{rel}","templated":true}]}}