{"id":1019,"date":"2010-08-15T20:32:13","date_gmt":"2010-08-15T20:32:13","guid":{"rendered":"http:\/\/www.iconica.com.br\/?p=1019"},"modified":"2016-05-28T13:52:27","modified_gmt":"2016-05-28T13:52:27","slug":"luiz-braga-ruptura-e-contemplacao","status":"publish","type":"post","link":"https:\/\/www.iconica.com.br\/site\/luiz-braga-ruptura-e-contemplacao\/","title":{"rendered":"Luiz Braga \u2013 ruptura e contempla\u00e7\u00e3o"},"content":{"rendered":"<p>Luiz Braga \u00e9 um fot\u00f3grafo diferenciado dentro da produ\u00e7\u00e3o visual contempor\u00e2nea brasileira. Primeiro, porque basicamente trabalha apenas na sua cidade, Bel\u00e9m, e no entorno; e depois, porque ao longo de mais de trinta anos, desenvolveu uma fotografia com caracter\u00edsticas pr\u00f3prias, totalmente diversas daquela produzida em outras regi\u00f5es do pa\u00eds. Suas ra\u00edzes e seu conhecimento da cidade viabilizaram uma fotografia marcante, centrada na cor e na luz, elementos determinantes na constru\u00e7\u00e3o de sua sintaxe. Ele acredita que o territ\u00f3rio do olhar \u00e9 o seu espa\u00e7o interior e isto potencializa sua fotografia como um esfor\u00e7o constante de expandir a imagina\u00e7\u00e3o e ampliar os seus limites.<\/p>\n<div id=\"attachment_1024\" style=\"width: 497px\" class=\"wp-caption alignleft\"><a href=\"http:\/\/192.249.123.35\/~iconic16\/site\/wp-content\/uploads\/2010\/08\/Braga-111.jpg\"><img aria-describedby=\"caption-attachment-1024\" decoding=\"async\" loading=\"lazy\" class=\"size-large wp-image-1024\" src=\"http:\/\/192.249.123.35\/~iconic16\/site\/wp-content\/uploads\/2010\/08\/Braga-11-487x326.jpg\" alt=\"Luiz Braga\" width=\"487\" height=\"326\" \/><\/a><p id=\"caption-attachment-1024\" class=\"wp-caption-text\">Luiz Braga<\/p><\/div>\n<p>A exposi\u00e7\u00e3o <em>Ensaio \u2013 Estrada Nova S\/N<\/em>, no Espa\u00e7o Cultural Porto Seguro, traz especificamente os diferentes aspectos da cidade de Bel\u00e9m e da Estrada Nova, uma de suas vias p\u00fablicas. S\u00e3o retratos e paisagens dom\u00e9sticas que remontam o olhar intimista e minimalista que Luiz Braga confere \u00e0 sua fotografia. A edi\u00e7\u00e3o das imagens abrange mais de tr\u00eas d\u00e9cadas de produ\u00e7\u00e3o e evidencia que n\u00e3o se trata de um olhar distanciado, mas sim um profundo conhecedor do ambiente.<\/p>\n<p>O que podemos inferir de imediato \u00e9 que o caminhar pela cidade pode ser associado \u00e0 mem\u00f3ria e essa paisagem pode ser convertida em fotografia. Luiz Braga tem um olhar delicado que enfrenta o tempo todo o desafio de fugir do senso comum, para subverter a visualidade padronizada da regi\u00e3o amaz\u00f4nica. Como ningu\u00e9m, ele consegue transformar os ambientes ordin\u00e1rios atrav\u00e9s de seu olhar extraordin\u00e1rio. Sua fotografia est\u00e1 baseada na id\u00e9ia de ruptura e repouso.<\/p>\n<div id=\"attachment_1022\" style=\"width: 285px\" class=\"wp-caption alignleft\"><a href=\"http:\/\/192.249.123.35\/~iconic16\/site\/wp-content\/uploads\/2010\/08\/Braga-31.jpg\"><img aria-describedby=\"caption-attachment-1022\" decoding=\"async\" loading=\"lazy\" class=\"size-full wp-image-1022\" src=\"http:\/\/192.249.123.35\/~iconic16\/site\/wp-content\/uploads\/2010\/08\/Braga-31.jpg\" alt=\"Luiz Braga\" width=\"275\" height=\"183\" \/><\/a><p id=\"caption-attachment-1022\" class=\"wp-caption-text\">Luiz Braga<\/p><\/div>\n<p>A ruptura fica mais evidente por conta da sua luminosidade especial. Ele trabalha a luz natural equatorial em harmonia com as fontes de luzes artificiais que, simultaneamente, est\u00e3o presentes em suas fotografias. Luzes fosforescentes e fluorescentes dos espa\u00e7os dom\u00e9sticos, e luzes de merc\u00fario da ilumina\u00e7\u00e3o p\u00fablica. Uma hibridiza\u00e7\u00e3o luminosa que se tornou uma esp\u00e9cie de marca registrada do seu trabalho, ou seja, ele cria uma l\u00f3gica desconcertante que nos provoca uma inc\u00f4moda sensa\u00e7\u00e3o e nos faz indagar sobre a quest\u00e3o das fronteiras entre realidade e fic\u00e7\u00e3o.<\/p>\n<p>Essas cores de Luiz Braga, praticamente imposs\u00edveis de serem registradas pelo olho humano \u00e9 que desencadeiam estranhas emo\u00e7\u00f5es, pois se trata de uma luz misteriosa que estimula nossa imagina\u00e7\u00e3o. S\u00e3o instantes atemporais plasmados na inquieta\u00e7\u00e3o da solid\u00e3o da luz crepuscular. Podemos entender sua fotografia como exerc\u00edcios de admira\u00e7\u00e3o do cotidiano popular, presente no centro e nas periferias de Bel\u00e9m.<\/p>\n<p>O escritor Milton Hatoum ao comentar o trabalho de Luiz Braga lembra que \u201c\u00e9 esse cotidiano humilde que a lente de Luiz espreita com sutileza, fixando os gestos e atitudes de um pequeno mundo que ainda vive num tempo peculiar, n\u00e3o seccionado pela urg\u00eancia. S\u00e3o imagens que nos remetem a outro tempo: o da demora e o do prazer na demora. \u00c9 esse outro Tempo que nos convida a admirar sem pressa as imagens fisgadas no sonho m\u00ednimo de cada noite ou no breve devaneio de cada dia\u201d.<\/p>\n<p>A naturalidade de quem se reconhece nos personagens e nas paisagens que fotografa decorre de sua conviv\u00eancia profunda e di\u00e1ria com esse mundo que vemos em suas fotografias; na verdade, fragmentos de um todo que se completam em nossa imagina\u00e7\u00e3o. Isso \u00e9 que possibilita seu olhar particular e po\u00e9tico. Po\u00e9tico no sentido de ser transgressor no momento da cria\u00e7\u00e3o. Tamb\u00e9m \u00e9 essa experi\u00eancia que o faz trafegar com liberdade entre a objetividade do mundo vis\u00edvel e a possibilidade de criar abstra\u00e7\u00f5es a partir dele.<\/p>\n<div id=\"attachment_1023\" style=\"width: 284px\" class=\"wp-caption alignleft\"><a href=\"http:\/\/192.249.123.35\/~iconic16\/site\/wp-content\/uploads\/2010\/08\/Braga-41.jpg\"><img aria-describedby=\"caption-attachment-1023\" decoding=\"async\" loading=\"lazy\" class=\"size-full wp-image-1023\" src=\"http:\/\/192.249.123.35\/~iconic16\/site\/wp-content\/uploads\/2010\/08\/Braga-41.jpg\" alt=\"Luiz Braga\" width=\"274\" height=\"184\" \/><\/a><p id=\"caption-attachment-1023\" class=\"wp-caption-text\">Luiz Braga<\/p><\/div>\n<p>Outra caracter\u00edstica da fotografia de Luiz Braga \u00e9 que nos faz sentir abertos \u00e0 surpresa de uma presen\u00e7a que se manifesta, ainda que escape \u00e0s articula\u00e7\u00f5es poss\u00edveis da nossa mem\u00f3ria. Em cada fotografia uma s\u00e9rie de valores indicativos de uma cultura material, muitas vezes resignificada, que permite essa aparente proximidade que estabelecemos com as imagens.<\/p>\n<p>Luiz Braga tem sua fotografia centrada em Bel\u00e9m. Raramente temos a oportunidade de ter contato com um trabalho de tamanha coer\u00eancia e dedica\u00e7\u00e3o. Por isso mesmo \u00e9 que ele vive transformando as artes visuais, pois consegue criar novas imagens e pesquisar novas possibilidades de express\u00e3o olhando para seu pr\u00f3prio cotidiano. Como Tolstoi imaginava \u2013 \u201cfale de sua aldeia e seja universal\u201d \u2013 Luiz Braga produz uma fotografia a partir de sua cidade, que guarda sua hist\u00f3ria e sua mem\u00f3ria, e constantemente reinventa seu cotidiano e as artes do seu fazer com a ast\u00facia sutil do criador e com t\u00e1ticas que inspiram novos saberes, que surpreendem a arte contempor\u00e2nea.<\/p>\n<p>***<\/p>\n<p>A exposi\u00e7\u00e3o <em>Ensaio \u2013 Estrada Nova S\/N<\/em>, at\u00e9 12 de setembro, no Espa\u00e7o Cultural Porto Seguro, Avenida Rio Branco, 1489, S\u00e3o Paulo, de ter\u00e7a a domingo, das 10 \u00e0s 17 horas.<\/p>\n","protected":false},"excerpt":{"rendered":"<p>Luiz Braga \u00e9 um fot\u00f3grafo diferenciado dentro da produ\u00e7\u00e3o visual contempor\u00e2nea brasileira. Primeiro, porque basicamente trabalha apenas na sua cidade, Bel\u00e9m, e no entorno; e depois, porque ao longo de mais de trinta anos, desenvolveu uma fotografia com caracter\u00edsticas pr\u00f3prias, totalmente diversas daquela produzida em outras regi\u00f5es do pa\u00eds. Suas ra\u00edzes e seu conhecimento da cidade viabilizaram uma fotografia marcante, centrada na cor e na luz, elementos determinantes na constru\u00e7\u00e3o de sua sintaxe. Ele acredita que o territ\u00f3rio do olhar \u00e9 o seu espa\u00e7o interior e isto potencializa sua fotografia como um esfor\u00e7o constante de expandir a imagina\u00e7\u00e3o e ampliar [&hellip;]<\/p>\n","protected":false},"author":4,"featured_media":1021,"comment_status":"open","ping_status":"open","sticky":false,"template":"","format":"standard","meta":[],"categories":[833,827],"tags":[497,538],"_links":{"self":[{"href":"https:\/\/www.iconica.com.br\/site\/wp-json\/wp\/v2\/posts\/1019"}],"collection":[{"href":"https:\/\/www.iconica.com.br\/site\/wp-json\/wp\/v2\/posts"}],"about":[{"href":"https:\/\/www.iconica.com.br\/site\/wp-json\/wp\/v2\/types\/post"}],"author":[{"embeddable":true,"href":"https:\/\/www.iconica.com.br\/site\/wp-json\/wp\/v2\/users\/4"}],"replies":[{"embeddable":true,"href":"https:\/\/www.iconica.com.br\/site\/wp-json\/wp\/v2\/comments?post=1019"}],"version-history":[{"count":1,"href":"https:\/\/www.iconica.com.br\/site\/wp-json\/wp\/v2\/posts\/1019\/revisions"}],"predecessor-version":[{"id":7136,"href":"https:\/\/www.iconica.com.br\/site\/wp-json\/wp\/v2\/posts\/1019\/revisions\/7136"}],"wp:featuredmedia":[{"embeddable":true,"href":"https:\/\/www.iconica.com.br\/site\/wp-json\/wp\/v2\/media\/1021"}],"wp:attachment":[{"href":"https:\/\/www.iconica.com.br\/site\/wp-json\/wp\/v2\/media?parent=1019"}],"wp:term":[{"taxonomy":"category","embeddable":true,"href":"https:\/\/www.iconica.com.br\/site\/wp-json\/wp\/v2\/categories?post=1019"},{"taxonomy":"post_tag","embeddable":true,"href":"https:\/\/www.iconica.com.br\/site\/wp-json\/wp\/v2\/tags?post=1019"}],"curies":[{"name":"wp","href":"https:\/\/api.w.org\/{rel}","templated":true}]}}